{"id":248,"date":"2026-01-14T16:00:00","date_gmt":"2026-01-14T15:00:00","guid":{"rendered":"https:\/\/elm-formaction.fr\/?p=248"},"modified":"2026-04-28T22:07:16","modified_gmt":"2026-04-28T20:07:16","slug":"sst-mac-recyclage","status":"publish","type":"post","link":"https:\/\/elm-formaction.fr\/index.php\/2026\/01\/14\/sst-mac-recyclage\/","title":{"rendered":"Recyclage SST (Mac)"},"content":{"rendered":"\t\t<div data-elementor-type=\"wp-post\" data-elementor-id=\"248\" class=\"elementor elementor-248\" data-elementor-post-type=\"post\">\n\t\t\t\t<div class=\"elementor-element elementor-element-d8d8275 e-flex e-con-boxed e-con e-parent\" data-id=\"d8d8275\" data-element_type=\"container\" data-e-type=\"container\">\n\t\t\t\t\t<div class=\"e-con-inner\">\n\t\t\t\t<div class=\"elementor-element elementor-element-cbb2d70 elementor-widget elementor-widget-html\" data-id=\"cbb2d70\" data-element_type=\"widget\" data-e-type=\"widget\" data-widget_type=\"html.default\">\n\t\t\t\t<div class=\"elementor-widget-container\">\n\t\t\t\t\t<section class=\"elm-elite\">\r\n\r\n<style>\r\n\r\n\/* GLOBAL *\/\r\n.elm-elite {\r\n  font-family: 'Segoe UI', sans-serif;\r\n}\r\n\r\n\/* HERO *\/\r\n.hero {\r\n  background: linear-gradient(120deg, #ff0000, #1e293b);\r\n  color: white;\r\n  padding: 100px 20px;\r\n  text-align: center;\r\n  border-radius:10px;\r\n}\r\n\r\n.hero h1 {\r\n  font-size: 42px;\r\n  margin-bottom: 20px;\r\n}\r\n\r\n\/* CARDS *\/\r\n.cards {\r\n  display: flex;\r\n  gap: 20px;\r\n  flex-wrap: wrap;\r\n  padding: 60px 20px;\r\n}\r\n\r\n.card {\r\n  flex: 1;\r\n  min-width: 220px;\r\n  background: white;\r\n  padding: 25px;\r\n  border-radius: 12px;\r\n  text-align: center;\r\n  transition: 0.3s;\r\n  box-shadow: 0 5px 15px rgba(0,0,0,0.05);\r\n}\r\n\r\n.card:hover {\r\n  transform: translateY(-10px);\r\n  box-shadow: 0 20px 40px rgba(0,0,0,0.1);\r\n}\r\n\r\n\/* SECTION *\/\r\n.section {\r\n  padding: 60px 20px;\r\n  max-width: 1100px;\r\n  margin: auto;\r\n}\r\n\r\n\/* OBJECTIFS *\/\r\n.grid {\r\n  display: flex;\r\n  gap: 20px;\r\n  flex-wrap: wrap;\r\n}\r\n\r\n.box {\r\n  flex: 1;\r\n  min-width: 250px;\r\n  background: #f9f9f9;\r\n  padding: 20px;\r\n  border-radius: 10px;\r\n}\r\n\r\n\/* ACCORDION *\/\r\n.accordion-title {\r\n  cursor: pointer;\r\n  padding: 15px;\r\n  font-weight: bold;\r\n  border-bottom: 1px solid #ddd;\r\n  position: relative;\r\n}\r\n\r\n.accordion-title::after {\r\n  content: \"+\";\r\n  position: absolute;\r\n  right: 20px;\r\n}\r\n\r\n.accordion-item.active .accordion-title::after {\r\n  content: \"\u2212\";\r\n}\r\n\r\n.accordion-content {\r\n  display: none;\r\n  padding: 15px;\r\n}\r\n\r\n\/* PDF *\/\r\n.pdf-block {\r\n  background: #0f172a;\r\n  color: white;\r\n  padding: 40px;\r\n  border-radius: 12px;\r\n  display: flex;\r\n  justify-content: space-between;\r\n  align-items: center;\r\n}\r\n\r\n\/* CERTIFS *\/\r\n.certifs {\r\n  text-align: center;\r\n  padding: 60px 20px;\r\n}\r\n\r\n.certifs img {\r\n  max-height: 80px;\r\n  margin: 10px 20px;\r\n  opacity: 0.8;\r\n  transition: 0.3s;\r\n}\r\n\r\n.certifs img:hover {\r\n  opacity: 1;\r\n  transform: scale(1.05);\r\n}\r\n\r\n\/* CTA *\/\r\n.cta {\r\n  text-align: center;\r\n  padding: 80px 20px;\r\n  background: linear-gradient(90deg, #ff4b2b, #ff7a00);\r\n  color: white;\r\n}\r\n\r\n.btn {\r\n  background: #ff4b2b;\r\n  color: white;\r\n  padding: 12px 25px;\r\n  border-radius: 30px;\r\n  text-decoration: none;\r\n  display: inline-block;\r\n  margin-top: 15px;\r\n  transition: 0.3s;\r\n}\r\n\r\n.btn:hover {\r\n  transform: translateY(-3px);\r\n  box-shadow: 0 10px 25px rgba(0,0,0,0.2);\r\n}\r\n\r\n.modal {\r\n  position: fixed;\r\n  top: 0;\r\n  left: 0;\r\n  width: 100%;\r\n  height: 100%;\r\n  background: rgba(0,0,0,0.6);\r\n  backdrop-filter: blur(5px);\r\n\r\n  display: flex;\r\n  justify-content: center;\r\n  align-items: center;\r\n\r\n  \/* cach\u00e9 par d\u00e9faut *\/\r\n  opacity: 0;\r\n  visibility: hidden;\r\n  pointer-events: none;\r\n\r\n  transition: 0.3s ease;\r\n}\r\n\r\n\/* \u00e9tat ouvert *\/\r\n.modal.active {\r\n  opacity: 1;\r\n  visibility: visible;\r\n  pointer-events: auto;\r\n}\r\n\r\n.modal-content {\r\n  background: #fff;\r\n  width: 90%;\r\n  max-width: 500px;\r\n  padding: 30px;\r\n  border-radius: 12px;\r\n  position: relative;\r\n\r\n  transform: translateY(20px);\r\n  transition: 0.3s ease;\r\n}\r\n\r\n.modal.active .modal-content {\r\n  transform: translateY(0);\r\n}\r\n\r\n.close {\r\n  position: absolute;\r\n  top: 10px;\r\n  right: 15px;\r\n  font-size: 24px;\r\n  cursor: pointer;\r\n}\r\n\r\n\/* MOBILE *\/\r\n@media(max-width:768px){\r\n  .cards, .grid, .pdf-block {\r\n    flex-direction: column;\r\n  }\r\n}\r\n.maj-info {\r\n  margin-top: 60px;\r\n  padding-top: 20px;\r\n  border-top: 1px solid #e5e7eb;\r\n  text-align: center;\r\n  font-size: 14px;\r\n  color: #6b7280;\r\n  font-style: italic;\r\n}\r\n\r\n.maj-info span {\r\n  font-weight: 500;\r\n  color: #0f172a;\r\n}\r\n\r\n<\/style>\r\n\r\n<!-- HERO -->\r\n<section class=\"hero\">\r\n  <h1>Recyclage SST (Mac)<\/h1>\r\n  <p>Maintien et Actualisation des Comp\u00e9tences SST<\/p>\r\n<\/section>\r\n\r\n<!-- CARDS -->\r\n<section class=\"cards\">\r\n    <div class=\"card\">\ud83d\udcc5 Validit\u00e9 du titre<br>24 mois<\/div>\r\n  <div class=\"card\">\u23f1\ufe0f Dur\u00e9e<br>1 jour (7h)<\/div>\r\n  <div class=\"card\">\ud83d\udc65 Public<br>Tout salari\u00e9 titulaire de la certification SST<\/div>\r\n  <div class=\"card\">\ud83d\udc65 Nombre de participants<br>De 4 \u00e0 10<\/div>\r\n  <div class=\"card\">\ud83d\udccd Format<br>Pr\u00e9sentiel<\/div>\r\n  <div class=\"card\">\ud83d\udcb0 Tarif Inter<br>170\u20ac\/ Participant<br>Non assujetti \u00e0 la T.V.A<\/div>\r\n  <div class=\"card\">\ud83d\udcb0 Tarif Intra<br>750\u20ac<br>Non assujetti \u00e0 la T.V.A<\/div>\r\n  <div class=\"card\">\ud83d\udcb3 Financement<br>OPCO \/ Fonds propres<\/div>\r\n<\/section>\r\n\r\n<!-- CONTEXTE -->\r\n<section class=\"section\">\r\n  <h2>Pourquoi cette formation ?<\/h2>\r\n  <p>\r\n    Cette formation vous permets de vous tenir \u00e0 jour de vos comp\u00e9tences d\u00e9j\u00e0 acquises, \r\n    mais surtout vous permets une mont\u00e9e en comp\u00e9tences et un approfondissement qui apporte une valeur ajout\u00e9e non n\u00e9gligeable.\r\n    Le recyclage SST (Mac) est r\u00e9alis\u00e9 au bout de 24 mois (dur\u00e9e de validit\u00e9 du titre SST Initial)\r\n  <\/p>\r\n<\/section>\r\n\r\n<!-- OBJECTIFS -->\r\n<section class=\"section\">\r\n  <h2>Objectifs de la formation<\/h2>\r\n\r\n  <div class=\"grid\">\r\n    <div class=\"box\">Maintenir et actualiser les comp\u00e9tences du Sauveteur Secouriste du Travail.<\/div>\r\n    <div class=\"box\"> Mettre en \u0153uvre les mesures de protection adapt\u00e9es face \u00e0 une situation d\u2019accident. <\/div>\r\n    <div class=\"box\"> Examiner une victime et d\u00e9terminer l\u2019action \u00e0 mener.<\/div>\r\n    <div class=\"box\"> Alerter ou faire alerter les secours de mani\u00e8re efficace.<\/div>\r\n    <div class=\"box\"> R\u00e9aliser les gestes de secours adapt\u00e9s selon l\u2019\u00e9tat de la victime (h\u00e9morragie, \u00e9touffement, malaise, br\u00fblure, \r\ntraumatisme, inconscience, arr\u00eat cardiaque avec DAE). <\/div>\r\n  <\/div>\r\n<\/section>\r\n<section class=\"section\">\r\n<h2>Formateur<\/h2>\r\n<\/section>\r\n<section class=\"cards\">\r\n    <div class=\"card\"> Sapeur-pompier en activit\u00e9<\/div>\r\n    <div class=\"card\">Habilit\u00e9 par l'I.N.R.S<\/div>\r\n<\/section>\r\n\r\n<!-- PROGRAMME -->\r\n<section class=\"section\">\r\n  <h2>Programme d\u00e9taill\u00e9<\/h2>\r\n\r\n  <div class=\"accordion-item\">\r\n    <div class=\"accordion-title\"> Retour d\u2019exp\u00e9rience et actualisation des comp\u00e9tences<\/div>\r\n    <div class=\"accordion-content\">\r\n       <ul>\r\n    <li>\u00c9changes sur les pratiques et situations rencontr\u00e9es<\/li> \r\n    <li>Identification des axes d'am\u00e9lioration<\/li>\r\n    <li>Rappel du r\u00f4le SST dans l'organisation des secours et de la pr\u00e9vention.<\/li>\r\n    <\/ul>\r\n  <\/div>\r\n  <\/div>\r\n\r\n<div class=\"accordion-item\">\r\n\r\n  <div class=\"accordion-title\">\r\n    Intervenir face \u00e0 une situation d'accident\r\n  <\/div>\r\n\r\n  <div class=\"accordion-content\">\r\n\r\n    <p><strong>\ud83d\udee1\ufe0f Prot\u00e9ger<\/strong><\/p>\r\n    <ul>\r\n      <li>Identifier les dangers persistants<\/li>\r\n      <li>Mettre en \u0153uvre une protection adapt\u00e9e<\/li>\r\n    <\/ul>\r\n\r\n    <p><strong>\ud83d\udd0d Examiner<\/strong><\/p>\r\n    <ul>\r\n      <li>Rechercher les signes de d\u00e9tresse vitale<\/li>\r\n      <li>Prioriser les actions en fonction de l\u2019\u00e9tat de la victime<\/li>\r\n    <\/ul>\r\n\r\n    <p><strong>\ud83d\udcde Faire alerter ou alerter<\/strong><\/p>\r\n    <ul>\r\n      <li>Conna\u00eetre les moyens d\u2019alerte<\/li>\r\n      <li>Transmettre un message d\u2019alerte clair et pr\u00e9cis<\/li>\r\n      <li>Identifier les interlocuteurs internes et externes<\/li>\r\n    <\/ul>\r\n\r\n  <\/div>\r\n\r\n<\/div>\r\n\r\n  <div class=\"accordion-item\">\r\n    <div class=\"accordion-title\"> Secourir la victime de mani\u00e8re adapt\u00e9e<\/div>\r\n    <div class=\"accordion-content\">Utiliser les moyens et actions n\u00e9cessaire en fonction de l'analyse de l'accident et de la victime.<\/div>\r\n  <\/div>\r\n<\/section>\r\n\r\n<!-- METHODES -->\r\n<section class=\"section\">\r\n  <h2>M\u00e9thodes d'\u00e9valuation<\/h2>\r\n  <ul>\r\n      <li>\u00c9valuation continue lors des mises en situation.<\/li>\r\n      <li>\u00c9preuve certificative conforme \u00e0 l'I.N.R.S<\/li>\r\n      <li>Une grille d'\u00e9valuation nationale de l'I.N.R.S<\/li>\r\n  <\/ul>\r\n<\/section>\r\n\r\n<section class=\"section\">\r\n    <h2>Accessibilit\u00e9<\/h2>\r\n    <ul>\r\n        <li>Formation accessible aux personnes en situation de handicap<\/li>\r\n        <li>Une \u00e9tude individuelle des besoin est r\u00e9alis\u00e9e avec notre r\u00e9f\u00e9rent handicap: Axel M\u00dcNCH - 0603493022 - <a href=\"mailto:contact@elm-formaction.fr\"> contact@elm-formaction.fr<\/a><\/li>\r\n        <li>Une adaptation p\u00e9dagogique et mat\u00e9rielle peut \u00eatre propos\u00e9e selon les besoins identifi\u00e9s lors de l\u2019entretien de \r\npositionnement. <\/li>\r\n    <\/ul>\r\n<\/section>\r\n\r\n<section class=\"section\">\r\n    <h2>Attribution finale<\/h2>\r\n    <ul>\r\n        <li>Renouvellement du certificat SST d\u00e9livr\u00e9 par l'I.N.R.S<\/li>\r\n        <li>Attestation d'acquis de fin de formation<\/li>\r\n    <\/ul>\r\n<\/section>\r\n\r\n\r\n<!-- PDF -->\r\n<section class=\"section\">\r\n  <div class=\"pdf-block\">\r\n    <div>\r\n      <h3>Programme complet<\/h3>\r\n      <p>T\u00e9l\u00e9chargez le programme d\u00e9taill\u00e9<\/p>\r\n    <\/div>\r\n\r\n    <a href=\"https:\/\/elm-formaction.fr\/wp-content\/uploads\/2026\/04\/Programme-mac-SST-ELM-.pdf\" class=\"btn\" target=\"_blank\">T\u00e9l\u00e9charger<\/a>\r\n  <\/div>\r\n<\/section>\r\n\r\n<!-- CERTIFICATIONS -->\r\n<section class=\"certifs\">\r\n  <h2>Nos certifications<\/h2>\r\n  <p>Un gage de qualit\u00e9 et de conformit\u00e9<\/p>\r\n\r\n  <img decoding=\"async\" src=\"https:\/\/elm-formaction.fr\/wp-content\/uploads\/2026\/03\/Logo-Qualiopi-300dpi-Avec-Marianne.jpg\" alt=\"Certification Qualiopi\">\r\n  <img decoding=\"async\" src=\"https:\/\/elm-formaction.fr\/wp-content\/uploads\/2026\/03\/Oc-2301-DEF-Logo-Certif-Region-vH.png\" alt=\"Certification R\u00e9gion\">\r\n<\/section>\r\n\r\n<!-- CTA -->\r\n<section class=\"cta\">\r\n  <h2>R\u00e9servez votre formation d\u00e8s maintenant<\/h2>\r\n  <p>Contactez-nous pour organiser une session adapt\u00e9e \u00e0 votre entreprise.<\/p>\r\n  <a href=\"https:\/\/elm-formaction.fr\/index.php\/contact\/\" target=\"_blank\" rel=\"noopener noreferrer\" class=\"btn\">Demander un devis<\/a>\r\n\r\n<\/section>\r\n\r\n<script>\r\ndocument.querySelectorAll(\".accordion-title\").forEach(item => {\r\n  item.addEventListener(\"click\", () => {\r\n    const parent = item.parentElement;\r\n    const content = item.nextElementSibling;\r\n\r\n    parent.classList.toggle(\"active\");\r\n    content.style.display =\r\n      content.style.display === \"block\" ? \"none\" : \"block\";\r\n  });\r\n});\r\n<\/script>\r\n<div class=\"maj-info\">\r\n  <p>\r\n    \ud83d\udcc5 Derni\u00e8re mise \u00e0 jour : <span id=\"maj-date\">23 avril 2026<\/span>\r\n  <\/p>\r\n<\/div>\r\n<\/section>\t\t\t\t<\/div>\n\t\t\t\t<\/div>\n\t\t\t\t\t<\/div>\n\t\t\t\t<\/div>\n\t\t\t\t<\/div>\n\t\t","protected":false},"excerpt":{"rendered":"<p>Recyclage SST (Mac) Maintien et Actualisation des Comp\u00e9tences SST \ud83d\udcc5 Validit\u00e9 du titre24 mois \u23f1\ufe0f Dur\u00e9e1 jour (7h) \ud83d\udc65 PublicTout salari\u00e9 titulaire de la certification SST \ud83d\udc65 Nombre de participantsDe 4 \u00e0 10 \ud83d\udccd FormatPr\u00e9sentiel \ud83d\udcb0 Tarif Inter170\u20ac\/ ParticipantNon assujetti \u00e0 la T.V.A \ud83d\udcb0 Tarif Intra750\u20acNon assujetti \u00e0 la T.V.A \ud83d\udcb3 FinancementOPCO \/ Fonds propres [&hellip;]<\/p>\n","protected":false},"author":1,"featured_media":901,"comment_status":"open","ping_status":"open","sticky":false,"template":"","format":"standard","meta":{"footnotes":""},"categories":[28],"tags":[],"class_list":["post-248","post","type-post","status-publish","format-standard","has-post-thumbnail","hentry","category-secourisme"],"yoast_head":"<!-- This site is optimized with the Yoast SEO plugin v27.5 - https:\/\/yoast.com\/product\/yoast-seo-wordpress\/ -->\n<title>SST MAC Sauveteur Secouriste du Travail - Recyclage |<\/title>\n<meta name=\"description\" content=\"Formation SST MAC \u2013 Sauveteur Secouriste du Travail | Recyclage, maintient et actualisation des comp\u00e9tences acquises. Pyr\u00e9n\u00e9es Orientales\" \/>\n<meta name=\"robots\" content=\"index, follow, max-snippet:-1, max-image-preview:large, max-video-preview:-1\" \/>\n<link rel=\"canonical\" href=\"https:\/\/elm-formaction.fr\/index.php\/2026\/01\/14\/sst-mac-recyclage\/\" \/>\n<meta property=\"og:locale\" content=\"fr_FR\" \/>\n<meta property=\"og:type\" content=\"article\" \/>\n<meta property=\"og:title\" content=\"SST MAC Sauveteur Secouriste du Travail - Recyclage |\" \/>\n<meta property=\"og:description\" content=\"Formation SST MAC \u2013 Sauveteur Secouriste du Travail | Recyclage, maintient et actualisation des comp\u00e9tences acquises. Pyr\u00e9n\u00e9es Orientales\" \/>\n<meta property=\"og:url\" content=\"https:\/\/elm-formaction.fr\/index.php\/2026\/01\/14\/sst-mac-recyclage\/\" \/>\n<meta property=\"og:site_name\" content=\"ELM-FORMACTION\" \/>\n<meta property=\"article:publisher\" content=\"https:\/\/www.facebook.com\/people\/ELM-FormAction\/61573750692677\/\" \/>\n<meta property=\"article:published_time\" content=\"2026-01-14T15:00:00+00:00\" \/>\n<meta property=\"article:modified_time\" content=\"2026-04-28T20:07:16+00:00\" \/>\n<meta property=\"og:image\" content=\"https:\/\/elm-formaction.fr\/wp-content\/uploads\/2024\/10\/screen-sst.png\" \/>\n\t<meta property=\"og:image:width\" content=\"631\" \/>\n\t<meta property=\"og:image:height\" content=\"409\" \/>\n\t<meta property=\"og:image:type\" content=\"image\/png\" \/>\n<meta name=\"author\" content=\"Elm-Formaction\" \/>\n<meta name=\"twitter:card\" content=\"summary_large_image\" \/>\n<meta name=\"twitter:label1\" content=\"\u00c9crit par\" \/>\n\t<meta name=\"twitter:data1\" content=\"Elm-Formaction\" \/>\n\t<meta name=\"twitter:label2\" content=\"Dur\u00e9e de lecture estim\u00e9e\" \/>\n\t<meta name=\"twitter:data2\" content=\"5 minutes\" \/>\n<script type=\"application\/ld+json\" class=\"yoast-schema-graph\">{\"@context\":\"https:\\\/\\\/schema.org\",\"@graph\":[{\"@type\":\"Article\",\"@id\":\"https:\\\/\\\/elm-formaction.fr\\\/index.php\\\/2026\\\/01\\\/14\\\/sst-mac-recyclage\\\/#article\",\"isPartOf\":{\"@id\":\"https:\\\/\\\/elm-formaction.fr\\\/index.php\\\/2026\\\/01\\\/14\\\/sst-mac-recyclage\\\/\"},\"author\":{\"name\":\"Elm-Formaction\",\"@id\":\"https:\\\/\\\/elm-formaction.fr\\\/#\\\/schema\\\/person\\\/c84476d00dfd76c653c304f155c975db\"},\"headline\":\"Recyclage SST (Mac)\",\"datePublished\":\"2026-01-14T15:00:00+00:00\",\"dateModified\":\"2026-04-28T20:07:16+00:00\",\"mainEntityOfPage\":{\"@id\":\"https:\\\/\\\/elm-formaction.fr\\\/index.php\\\/2026\\\/01\\\/14\\\/sst-mac-recyclage\\\/\"},\"wordCount\":478,\"commentCount\":0,\"publisher\":{\"@id\":\"https:\\\/\\\/elm-formaction.fr\\\/#organization\"},\"image\":{\"@id\":\"https:\\\/\\\/elm-formaction.fr\\\/index.php\\\/2026\\\/01\\\/14\\\/sst-mac-recyclage\\\/#primaryimage\"},\"thumbnailUrl\":\"https:\\\/\\\/elm-formaction.fr\\\/wp-content\\\/uploads\\\/2024\\\/10\\\/screen-sst.png\",\"articleSection\":[\"Secourisme\"],\"inLanguage\":\"fr-FR\",\"potentialAction\":[{\"@type\":\"CommentAction\",\"name\":\"Comment\",\"target\":[\"https:\\\/\\\/elm-formaction.fr\\\/index.php\\\/2026\\\/01\\\/14\\\/sst-mac-recyclage\\\/#respond\"]}]},{\"@type\":\"WebPage\",\"@id\":\"https:\\\/\\\/elm-formaction.fr\\\/index.php\\\/2026\\\/01\\\/14\\\/sst-mac-recyclage\\\/\",\"url\":\"https:\\\/\\\/elm-formaction.fr\\\/index.php\\\/2026\\\/01\\\/14\\\/sst-mac-recyclage\\\/\",\"name\":\"SST MAC Sauveteur Secouriste du Travail - Recyclage |\",\"isPartOf\":{\"@id\":\"https:\\\/\\\/elm-formaction.fr\\\/#website\"},\"primaryImageOfPage\":{\"@id\":\"https:\\\/\\\/elm-formaction.fr\\\/index.php\\\/2026\\\/01\\\/14\\\/sst-mac-recyclage\\\/#primaryimage\"},\"image\":{\"@id\":\"https:\\\/\\\/elm-formaction.fr\\\/index.php\\\/2026\\\/01\\\/14\\\/sst-mac-recyclage\\\/#primaryimage\"},\"thumbnailUrl\":\"https:\\\/\\\/elm-formaction.fr\\\/wp-content\\\/uploads\\\/2024\\\/10\\\/screen-sst.png\",\"datePublished\":\"2026-01-14T15:00:00+00:00\",\"dateModified\":\"2026-04-28T20:07:16+00:00\",\"description\":\"Formation SST MAC \u2013 Sauveteur Secouriste du Travail | Recyclage, maintient et actualisation des comp\u00e9tences acquises. Pyr\u00e9n\u00e9es Orientales\",\"breadcrumb\":{\"@id\":\"https:\\\/\\\/elm-formaction.fr\\\/index.php\\\/2026\\\/01\\\/14\\\/sst-mac-recyclage\\\/#breadcrumb\"},\"inLanguage\":\"fr-FR\",\"potentialAction\":[{\"@type\":\"ReadAction\",\"target\":[\"https:\\\/\\\/elm-formaction.fr\\\/index.php\\\/2026\\\/01\\\/14\\\/sst-mac-recyclage\\\/\"]}]},{\"@type\":\"ImageObject\",\"inLanguage\":\"fr-FR\",\"@id\":\"https:\\\/\\\/elm-formaction.fr\\\/index.php\\\/2026\\\/01\\\/14\\\/sst-mac-recyclage\\\/#primaryimage\",\"url\":\"https:\\\/\\\/elm-formaction.fr\\\/wp-content\\\/uploads\\\/2024\\\/10\\\/screen-sst.png\",\"contentUrl\":\"https:\\\/\\\/elm-formaction.fr\\\/wp-content\\\/uploads\\\/2024\\\/10\\\/screen-sst.png\",\"width\":631,\"height\":409,\"caption\":\"Formation SST \u2013 Apprendre les gestes de premiers secours en entreprise\"},{\"@type\":\"BreadcrumbList\",\"@id\":\"https:\\\/\\\/elm-formaction.fr\\\/index.php\\\/2026\\\/01\\\/14\\\/sst-mac-recyclage\\\/#breadcrumb\",\"itemListElement\":[{\"@type\":\"ListItem\",\"position\":1,\"name\":\"Accueil\",\"item\":\"https:\\\/\\\/elm-formaction.fr\\\/\"},{\"@type\":\"ListItem\",\"position\":2,\"name\":\"Recyclage SST (Mac)\"}]},{\"@type\":\"WebSite\",\"@id\":\"https:\\\/\\\/elm-formaction.fr\\\/#website\",\"url\":\"https:\\\/\\\/elm-formaction.fr\\\/\",\"name\":\"ELM-FORMACTION\",\"description\":\"Formez vous aujourd&#039;hui, agissez demain\",\"publisher\":{\"@id\":\"https:\\\/\\\/elm-formaction.fr\\\/#organization\"},\"potentialAction\":[{\"@type\":\"SearchAction\",\"target\":{\"@type\":\"EntryPoint\",\"urlTemplate\":\"https:\\\/\\\/elm-formaction.fr\\\/?s={search_term_string}\"},\"query-input\":{\"@type\":\"PropertyValueSpecification\",\"valueRequired\":true,\"valueName\":\"search_term_string\"}}],\"inLanguage\":\"fr-FR\"},{\"@type\":\"Organization\",\"@id\":\"https:\\\/\\\/elm-formaction.fr\\\/#organization\",\"name\":\"ELM-FORMACTION\",\"url\":\"https:\\\/\\\/elm-formaction.fr\\\/\",\"logo\":{\"@type\":\"ImageObject\",\"inLanguage\":\"fr-FR\",\"@id\":\"https:\\\/\\\/elm-formaction.fr\\\/#\\\/schema\\\/logo\\\/image\\\/\",\"url\":\"https:\\\/\\\/elm-formaction.fr\\\/wp-content\\\/uploads\\\/2025\\\/06\\\/Logo-pour-fond-blanc-2.svg\",\"contentUrl\":\"https:\\\/\\\/elm-formaction.fr\\\/wp-content\\\/uploads\\\/2025\\\/06\\\/Logo-pour-fond-blanc-2.svg\",\"width\":493,\"height\":158,\"caption\":\"ELM-FORMACTION\"},\"image\":{\"@id\":\"https:\\\/\\\/elm-formaction.fr\\\/#\\\/schema\\\/logo\\\/image\\\/\"},\"sameAs\":[\"https:\\\/\\\/www.facebook.com\\\/people\\\/ELM-FormAction\\\/61573750692677\\\/\",\"https:\\\/\\\/www.instagram.com\\\/elm_formaction\\\/\"]},{\"@type\":\"Person\",\"@id\":\"https:\\\/\\\/elm-formaction.fr\\\/#\\\/schema\\\/person\\\/c84476d00dfd76c653c304f155c975db\",\"name\":\"Elm-Formaction\",\"sameAs\":[\"http:\\\/\\\/elm-formaction.fr\"],\"url\":\"https:\\\/\\\/elm-formaction.fr\\\/index.php\\\/author\\\/admin6128\\\/\"}]}<\/script>\n<!-- \/ Yoast SEO plugin. -->","yoast_head_json":{"title":"SST MAC Sauveteur Secouriste du Travail - Recyclage |","description":"Formation SST MAC \u2013 Sauveteur Secouriste du Travail | Recyclage, maintient et actualisation des comp\u00e9tences acquises. Pyr\u00e9n\u00e9es Orientales","robots":{"index":"index","follow":"follow","max-snippet":"max-snippet:-1","max-image-preview":"max-image-preview:large","max-video-preview":"max-video-preview:-1"},"canonical":"https:\/\/elm-formaction.fr\/index.php\/2026\/01\/14\/sst-mac-recyclage\/","og_locale":"fr_FR","og_type":"article","og_title":"SST MAC Sauveteur Secouriste du Travail - Recyclage |","og_description":"Formation SST MAC \u2013 Sauveteur Secouriste du Travail | Recyclage, maintient et actualisation des comp\u00e9tences acquises. Pyr\u00e9n\u00e9es Orientales","og_url":"https:\/\/elm-formaction.fr\/index.php\/2026\/01\/14\/sst-mac-recyclage\/","og_site_name":"ELM-FORMACTION","article_publisher":"https:\/\/www.facebook.com\/people\/ELM-FormAction\/61573750692677\/","article_published_time":"2026-01-14T15:00:00+00:00","article_modified_time":"2026-04-28T20:07:16+00:00","og_image":[{"width":631,"height":409,"url":"https:\/\/elm-formaction.fr\/wp-content\/uploads\/2024\/10\/screen-sst.png","type":"image\/png"}],"author":"Elm-Formaction","twitter_card":"summary_large_image","twitter_misc":{"\u00c9crit par":"Elm-Formaction","Dur\u00e9e de lecture estim\u00e9e":"5 minutes"},"schema":{"@context":"https:\/\/schema.org","@graph":[{"@type":"Article","@id":"https:\/\/elm-formaction.fr\/index.php\/2026\/01\/14\/sst-mac-recyclage\/#article","isPartOf":{"@id":"https:\/\/elm-formaction.fr\/index.php\/2026\/01\/14\/sst-mac-recyclage\/"},"author":{"name":"Elm-Formaction","@id":"https:\/\/elm-formaction.fr\/#\/schema\/person\/c84476d00dfd76c653c304f155c975db"},"headline":"Recyclage SST (Mac)","datePublished":"2026-01-14T15:00:00+00:00","dateModified":"2026-04-28T20:07:16+00:00","mainEntityOfPage":{"@id":"https:\/\/elm-formaction.fr\/index.php\/2026\/01\/14\/sst-mac-recyclage\/"},"wordCount":478,"commentCount":0,"publisher":{"@id":"https:\/\/elm-formaction.fr\/#organization"},"image":{"@id":"https:\/\/elm-formaction.fr\/index.php\/2026\/01\/14\/sst-mac-recyclage\/#primaryimage"},"thumbnailUrl":"https:\/\/elm-formaction.fr\/wp-content\/uploads\/2024\/10\/screen-sst.png","articleSection":["Secourisme"],"inLanguage":"fr-FR","potentialAction":[{"@type":"CommentAction","name":"Comment","target":["https:\/\/elm-formaction.fr\/index.php\/2026\/01\/14\/sst-mac-recyclage\/#respond"]}]},{"@type":"WebPage","@id":"https:\/\/elm-formaction.fr\/index.php\/2026\/01\/14\/sst-mac-recyclage\/","url":"https:\/\/elm-formaction.fr\/index.php\/2026\/01\/14\/sst-mac-recyclage\/","name":"SST MAC Sauveteur Secouriste du Travail - Recyclage |","isPartOf":{"@id":"https:\/\/elm-formaction.fr\/#website"},"primaryImageOfPage":{"@id":"https:\/\/elm-formaction.fr\/index.php\/2026\/01\/14\/sst-mac-recyclage\/#primaryimage"},"image":{"@id":"https:\/\/elm-formaction.fr\/index.php\/2026\/01\/14\/sst-mac-recyclage\/#primaryimage"},"thumbnailUrl":"https:\/\/elm-formaction.fr\/wp-content\/uploads\/2024\/10\/screen-sst.png","datePublished":"2026-01-14T15:00:00+00:00","dateModified":"2026-04-28T20:07:16+00:00","description":"Formation SST MAC \u2013 Sauveteur Secouriste du Travail | Recyclage, maintient et actualisation des comp\u00e9tences acquises. Pyr\u00e9n\u00e9es Orientales","breadcrumb":{"@id":"https:\/\/elm-formaction.fr\/index.php\/2026\/01\/14\/sst-mac-recyclage\/#breadcrumb"},"inLanguage":"fr-FR","potentialAction":[{"@type":"ReadAction","target":["https:\/\/elm-formaction.fr\/index.php\/2026\/01\/14\/sst-mac-recyclage\/"]}]},{"@type":"ImageObject","inLanguage":"fr-FR","@id":"https:\/\/elm-formaction.fr\/index.php\/2026\/01\/14\/sst-mac-recyclage\/#primaryimage","url":"https:\/\/elm-formaction.fr\/wp-content\/uploads\/2024\/10\/screen-sst.png","contentUrl":"https:\/\/elm-formaction.fr\/wp-content\/uploads\/2024\/10\/screen-sst.png","width":631,"height":409,"caption":"Formation SST \u2013 Apprendre les gestes de premiers secours en entreprise"},{"@type":"BreadcrumbList","@id":"https:\/\/elm-formaction.fr\/index.php\/2026\/01\/14\/sst-mac-recyclage\/#breadcrumb","itemListElement":[{"@type":"ListItem","position":1,"name":"Accueil","item":"https:\/\/elm-formaction.fr\/"},{"@type":"ListItem","position":2,"name":"Recyclage SST (Mac)"}]},{"@type":"WebSite","@id":"https:\/\/elm-formaction.fr\/#website","url":"https:\/\/elm-formaction.fr\/","name":"ELM-FORMACTION","description":"Formez vous aujourd&#039;hui, agissez demain","publisher":{"@id":"https:\/\/elm-formaction.fr\/#organization"},"potentialAction":[{"@type":"SearchAction","target":{"@type":"EntryPoint","urlTemplate":"https:\/\/elm-formaction.fr\/?s={search_term_string}"},"query-input":{"@type":"PropertyValueSpecification","valueRequired":true,"valueName":"search_term_string"}}],"inLanguage":"fr-FR"},{"@type":"Organization","@id":"https:\/\/elm-formaction.fr\/#organization","name":"ELM-FORMACTION","url":"https:\/\/elm-formaction.fr\/","logo":{"@type":"ImageObject","inLanguage":"fr-FR","@id":"https:\/\/elm-formaction.fr\/#\/schema\/logo\/image\/","url":"https:\/\/elm-formaction.fr\/wp-content\/uploads\/2025\/06\/Logo-pour-fond-blanc-2.svg","contentUrl":"https:\/\/elm-formaction.fr\/wp-content\/uploads\/2025\/06\/Logo-pour-fond-blanc-2.svg","width":493,"height":158,"caption":"ELM-FORMACTION"},"image":{"@id":"https:\/\/elm-formaction.fr\/#\/schema\/logo\/image\/"},"sameAs":["https:\/\/www.facebook.com\/people\/ELM-FormAction\/61573750692677\/","https:\/\/www.instagram.com\/elm_formaction\/"]},{"@type":"Person","@id":"https:\/\/elm-formaction.fr\/#\/schema\/person\/c84476d00dfd76c653c304f155c975db","name":"Elm-Formaction","sameAs":["http:\/\/elm-formaction.fr"],"url":"https:\/\/elm-formaction.fr\/index.php\/author\/admin6128\/"}]}},"_links":{"self":[{"href":"https:\/\/elm-formaction.fr\/index.php\/wp-json\/wp\/v2\/posts\/248","targetHints":{"allow":["GET"]}}],"collection":[{"href":"https:\/\/elm-formaction.fr\/index.php\/wp-json\/wp\/v2\/posts"}],"about":[{"href":"https:\/\/elm-formaction.fr\/index.php\/wp-json\/wp\/v2\/types\/post"}],"author":[{"embeddable":true,"href":"https:\/\/elm-formaction.fr\/index.php\/wp-json\/wp\/v2\/users\/1"}],"replies":[{"embeddable":true,"href":"https:\/\/elm-formaction.fr\/index.php\/wp-json\/wp\/v2\/comments?post=248"}],"version-history":[{"count":102,"href":"https:\/\/elm-formaction.fr\/index.php\/wp-json\/wp\/v2\/posts\/248\/revisions"}],"predecessor-version":[{"id":4213,"href":"https:\/\/elm-formaction.fr\/index.php\/wp-json\/wp\/v2\/posts\/248\/revisions\/4213"}],"wp:featuredmedia":[{"embeddable":true,"href":"https:\/\/elm-formaction.fr\/index.php\/wp-json\/wp\/v2\/media\/901"}],"wp:attachment":[{"href":"https:\/\/elm-formaction.fr\/index.php\/wp-json\/wp\/v2\/media?parent=248"}],"wp:term":[{"taxonomy":"category","embeddable":true,"href":"https:\/\/elm-formaction.fr\/index.php\/wp-json\/wp\/v2\/categories?post=248"},{"taxonomy":"post_tag","embeddable":true,"href":"https:\/\/elm-formaction.fr\/index.php\/wp-json\/wp\/v2\/tags?post=248"}],"curies":[{"name":"wp","href":"https:\/\/api.w.org\/{rel}","templated":true}]}}